{"id":32569,"date":"2026-09-01T10:01:20","date_gmt":"2026-09-01T08:01:20","guid":{"rendered":"https:\/\/gbif.es\/?p=32569"},"modified":"2026-09-01T10:02:06","modified_gmt":"2026-09-01T08:02:06","slug":"idigbio-abre-la-inscripcion-a-un-curso-online-gratuito-de-planificacion-estrategica-para-colecciones-biologicas","status":"publish","type":"post","link":"https:\/\/gbif.es\/en\/idigbio-abre-la-inscripcion-a-un-curso-online-gratuito-de-planificacion-estrategica-para-colecciones-biologicas\/","title":{"rendered":"iDigBio abre la inscripci\u00f3n a un curso online gratuito de planificaci\u00f3n estrat\u00e9gica para colecciones biol\u00f3gicas"},"content":{"rendered":"\n<p><img decoding=\"async\" width=\"600\" height=\"314\" class=\"wp-image-32570\" style=\"width: 600px;\" src=\"https:\/\/gbif.es\/wp-content\/uploads\/2026\/09\/https___idigbio.gbif_.us_assets_images_events_SPBC_SocialMedia.jpeg\" alt=\"Curso online gratuito de planificaci\u00f3n estrat\u00e9gica para colecciones biol\u00f3gicas\"><\/p>\n\n\n\n<p><a href=\"https:\/\/portal.idigbio.org\/\" type=\"link\" id=\"https:\/\/portal.idigbio.org\/\" target=\"_blank\" rel=\"noreferrer noopener nofollow\">iDigBio<\/a> ha abierto el plazo de inscripci\u00f3n para la nueva edici\u00f3n de <strong>&#8220;Strategic Planning for Biodiversity Collections&#8221;<\/strong>, un curso online gratuito de planificaci\u00f3n estrat\u00e9gica para colecciones biol\u00f3gicas dirigido a cualquier persona vinculada a una colecci\u00f3n de biodiversidad, en cualquier parte del mundo, que quiera dotar a su instituci\u00f3n de un <strong>plan estrat\u00e9gico<\/strong> propio. Las sesiones se impartir\u00e1n en ingl\u00e9s todos los viernes, de las 17:00 a las 18:00 (CEST), entre el <strong>18 de septiembre y el 20 de noviembre de 2026<\/strong>, y el plazo para solicitar plaza se cierra el <strong>9 de septiembre<\/strong>.<\/p>\n\n\n\n<p>El curso est\u00e1 coordinado por <strong>Austin Mast<\/strong>, investigador principal adjunto de iDigBio y director del Herbario Robert K. Godfrey de la Universidad Estatal de Florida, y por <strong>David Jennings<\/strong>, gestor del proyecto iDigBio\/PI3 en el Museo de Florida (Universidad de Florida) y presidente del Comit\u00e9 de Nodos de GBIF, lo que aporta al programa una perspectiva muy cercana a la realidad de las instituciones que, como las espa\u00f1olas, forman parte de la red internacional de GBIF.<\/p>\n\n\n\n<h3 class=\"wp-block-heading\">En qu\u00e9 consiste el Curso online gratuito de planificaci\u00f3n estrat\u00e9gica para colecciones biol\u00f3gicas<\/h3>\n\n\n\n<p>A lo largo de ocho sesiones semanales, los participantes trabajar\u00e1n paso a paso en la elaboraci\u00f3n de un plan estrat\u00e9gico breve, de entre cinco y diez p\u00e1ginas, adaptado a la colecci\u00f3n que representan. El documento final debe abordar elementos clave como la <strong>visi\u00f3n<\/strong>, la <strong>misi\u00f3n<\/strong>, los <strong>valores<\/strong>, las <strong>partes interesadas<\/strong>, las <strong>estrategias<\/strong>, los <strong>objetivos<\/strong>, los <strong>indicadores de evaluaci\u00f3n<\/strong> y la <strong>sostenibilidad<\/strong> de la colecci\u00f3n a largo plazo.<\/p>\n\n\n\n<p>M\u00e1s all\u00e1 del documento resultante, la propia organizaci\u00f3n del curso subraya que el proceso de reflexi\u00f3n es tan valioso como el producto final: pensar de forma sistem\u00e1tica en el prop\u00f3sito de una colecci\u00f3n y en c\u00f3mo comunicarlo a administradores y financiadores suele aportar beneficios que van m\u00e1s all\u00e1 del propio plan estrat\u00e9gico.<\/p>\n\n\n\n<p>El programa de este curso online gratuito de planificaci\u00f3n estrat\u00e9gica para colecciones biol\u00f3gicas exige una dedicaci\u00f3n aproximada de cinco horas semanales, incluyendo la sesi\u00f3n semanal en directo, y todas las clases quedar\u00e1n grabadas para quienes prefieran seguirlas de forma as\u00edncrona. El curso se centra exclusivamente en la planificaci\u00f3n estrat\u00e9gica y no aborda, por tanto, t\u00e9cnicas de recolecci\u00f3n, curaci\u00f3n o movilizaci\u00f3n de datos.<\/p>\n\n\n\n<h3 class=\"wp-block-heading\">Qui\u00e9n puede participar<\/h3>\n\n\n\n<p>La convocatoria est\u00e1 abierta a cualquier persona vinculada a una colecci\u00f3n de biodiversidad, con independencia de su pa\u00eds o etapa profesional, si bien las clases se impartir\u00e1n \u00edntegramente en ingl\u00e9s. El n\u00famero de plazas es limitado para garantizar que todos los inscritos puedan participar activamente en los debates, por lo que si varias personas de una misma colecci\u00f3n est\u00e1n interesadas, se recomienda que <strong>una sola presente la solicitud formal<\/strong> mientras el resto se suma a los ejercicios y sesiones de trabajo fuera del horario lectivo.<\/p>\n\n\n\n<p>En la selecci\u00f3n de candidaturas se valorar\u00e1, entre otros factores, la diversidad de etapas profesionales y tipos de colecci\u00f3n representadas, la urgencia de la necesidad de planificaci\u00f3n, la existencia de planes concretos para aplicar el resultado a corto plazo, por ejemplo en la b\u00fasqueda de financiaci\u00f3n, as\u00ed como el inter\u00e9s sostenido de quienes ya solicitaran plaza en una edici\u00f3n anterior sin \u00e9xito.<\/p>\n\n\n\n<h3 class=\"wp-block-heading\">C\u00f3mo inscribirse<\/h3>\n\n\n\n<p>Quienes gestionen o formen parte de una colecci\u00f3n biol\u00f3gica y quieran dar un paso adelante en su planificaci\u00f3n estrat\u00e9gica pueden <strong><a href=\"https:\/\/forms.gle\/fsfokKyb6dRcU1Wj7\" target=\"_blank\" rel=\"noreferrer noopener nofollow\">solicitar plaza a trav\u00e9s de este formulario<\/a><\/strong> antes del 9 de septiembre de 2026. Las decisiones de admisi\u00f3n se comunicar\u00e1n poco despu\u00e9s del cierre del plazo.<\/p>\n\n\n\n<p>La informaci\u00f3n sobre el calendario de sesiones est\u00e1 disponible en el <a href=\"https:\/\/docs.google.com\/document\/d\/1ZPq6klH5pxvccpLWc36j1RwOSS0NVu5b2MM64zNEAN8\/edit?usp=sharing\" target=\"_blank\" rel=\"noreferrer noopener\">programa resumido del curso<\/a>.<\/p>\n","protected":false},"excerpt":{"rendered":"<p>iDigBio ha abierto el plazo de inscripci\u00f3n para la nueva edici\u00f3n de &#8220;Strategic Planning for Biodiversity Collections&#8221;, un curso online gratuito de planificaci\u00f3n estrat\u00e9gica para colecciones biol\u00f3gicas dirigido a cualquier persona vinculada a una colecci\u00f3n de biodiversidad, en cualquier parte del mundo, que quiera dotar a su instituci\u00f3n de un plan estrat\u00e9gico propio. Las sesiones [&hellip;]<\/p>\n","protected":false},"author":14,"featured_media":32570,"comment_status":"closed","ping_status":"closed","sticky":false,"template":"","format":"standard","meta":{"_acf_changed":false,"_et_pb_use_builder":"off","_et_pb_old_content":"","_et_gb_content_width":"","inline_featured_image":false,"footnotes":""},"categories":[838,4,827],"tags":[115,136,112],"class_list":["post-32569","post","type-post","status-publish","format-standard","has-post-thumbnail","hentry","category-destacadas-home","category-evento","category-noticias-y-eventos","tag-biodiversidad","tag-colecciones","tag-formacion"],"acf":[],"yoast_head":"<!-- This site is optimized with the Yoast SEO plugin v27.0 - https:\/\/yoast.com\/product\/yoast-seo-wordpress\/ -->\n<title>Curso de planificaci\u00f3n estrat\u00e9gica para colecciones biol\u00f3gicas<\/title>\n<meta name=\"description\" content=\"iDigBio abre la inscripci\u00f3n para un curso online gratuito de planificaci\u00f3n estrat\u00e9gica para colecciones biol\u00f3gicas\" \/>\n<meta name=\"robots\" content=\"index, follow, max-snippet:-1, max-image-preview:large, max-video-preview:-1\" \/>\n<link rel=\"canonical\" href=\"https:\/\/gbif.es\/idigbio-abre-la-inscripcion-a-un-curso-online-gratuito-de-planificacion-estrategica-para-colecciones-biologicas\/\" \/>\n<meta property=\"og:locale\" content=\"en_US\" \/>\n<meta property=\"og:type\" content=\"article\" \/>\n<meta property=\"og:title\" content=\"Curso de planificaci\u00f3n estrat\u00e9gica para colecciones biol\u00f3gicas\" \/>\n<meta property=\"og:description\" content=\"iDigBio abre la inscripci\u00f3n para un curso online gratuito de planificaci\u00f3n estrat\u00e9gica para colecciones biol\u00f3gicas\" \/>\n<meta property=\"og:url\" content=\"https:\/\/gbif.es\/idigbio-abre-la-inscripcion-a-un-curso-online-gratuito-de-planificacion-estrategica-para-colecciones-biologicas\/\" \/>\n<meta property=\"og:site_name\" content=\"GBIF.ES\" \/>\n<meta property=\"article:published_time\" content=\"2026-09-01T08:01:20+00:00\" \/>\n<meta property=\"article:modified_time\" content=\"2026-09-01T08:02:06+00:00\" \/>\n<meta property=\"og:image\" content=\"https:\/\/gbif.es\/wp-content\/uploads\/2026\/09\/https___idigbio.gbif_.us_assets_images_events_SPBC_SocialMedia.jpeg\" \/>\n\t<meta property=\"og:image:width\" content=\"1200\" \/>\n\t<meta property=\"og:image:height\" content=\"628\" \/>\n\t<meta property=\"og:image:type\" content=\"image\/jpeg\" \/>\n<meta name=\"author\" content=\"Comunicaci\u00f3n\" \/>\n<meta name=\"twitter:card\" content=\"summary_large_image\" \/>\n<meta name=\"twitter:creator\" content=\"@GbifEs\" \/>\n<meta name=\"twitter:site\" content=\"@GbifEs\" \/>\n<meta name=\"twitter:label1\" content=\"Written by\" \/>\n\t<meta name=\"twitter:data1\" content=\"Comunicaci\u00f3n\" \/>\n\t<meta name=\"twitter:label2\" content=\"Est. reading time\" \/>\n\t<meta name=\"twitter:data2\" content=\"4 minutes\" \/>\n<script type=\"application\/ld+json\" class=\"yoast-schema-graph\">{\"@context\":\"https:\/\/schema.org\",\"@graph\":[{\"@type\":\"Article\",\"@id\":\"https:\/\/gbif.es\/idigbio-abre-la-inscripcion-a-un-curso-online-gratuito-de-planificacion-estrategica-para-colecciones-biologicas\/#article\",\"isPartOf\":{\"@id\":\"https:\/\/gbif.es\/idigbio-abre-la-inscripcion-a-un-curso-online-gratuito-de-planificacion-estrategica-para-colecciones-biologicas\/\"},\"author\":{\"name\":\"Comunicaci\u00f3n\",\"@id\":\"https:\/\/gbif.es\/#\/schema\/person\/fba5ad23be778936175655bbf31c6f1a\"},\"headline\":\"iDigBio abre la inscripci\u00f3n a un curso online gratuito de planificaci\u00f3n estrat\u00e9gica para colecciones biol\u00f3gicas\",\"datePublished\":\"2026-09-01T08:01:20+00:00\",\"dateModified\":\"2026-09-01T08:02:06+00:00\",\"mainEntityOfPage\":{\"@id\":\"https:\/\/gbif.es\/idigbio-abre-la-inscripcion-a-un-curso-online-gratuito-de-planificacion-estrategica-para-colecciones-biologicas\/\"},\"wordCount\":658,\"publisher\":{\"@id\":\"https:\/\/gbif.es\/#organization\"},\"image\":{\"@id\":\"https:\/\/gbif.es\/idigbio-abre-la-inscripcion-a-un-curso-online-gratuito-de-planificacion-estrategica-para-colecciones-biologicas\/#primaryimage\"},\"thumbnailUrl\":\"https:\/\/gbif.es\/wp-content\/uploads\/2026\/09\/https___idigbio.gbif_.us_assets_images_events_SPBC_SocialMedia.jpeg\",\"keywords\":[\"biodiversidad\",\"colecciones\",\"formaci\u00f3n\"],\"articleSection\":[\"Destacadas home\",\"Evento\",\"Noticias y eventos\"],\"inLanguage\":\"en-US\"},{\"@type\":\"WebPage\",\"@id\":\"https:\/\/gbif.es\/idigbio-abre-la-inscripcion-a-un-curso-online-gratuito-de-planificacion-estrategica-para-colecciones-biologicas\/\",\"url\":\"https:\/\/gbif.es\/idigbio-abre-la-inscripcion-a-un-curso-online-gratuito-de-planificacion-estrategica-para-colecciones-biologicas\/\",\"name\":\"Curso de planificaci\u00f3n estrat\u00e9gica para colecciones biol\u00f3gicas\",\"isPartOf\":{\"@id\":\"https:\/\/gbif.es\/#website\"},\"primaryImageOfPage\":{\"@id\":\"https:\/\/gbif.es\/idigbio-abre-la-inscripcion-a-un-curso-online-gratuito-de-planificacion-estrategica-para-colecciones-biologicas\/#primaryimage\"},\"image\":{\"@id\":\"https:\/\/gbif.es\/idigbio-abre-la-inscripcion-a-un-curso-online-gratuito-de-planificacion-estrategica-para-colecciones-biologicas\/#primaryimage\"},\"thumbnailUrl\":\"https:\/\/gbif.es\/wp-content\/uploads\/2026\/09\/https___idigbio.gbif_.us_assets_images_events_SPBC_SocialMedia.jpeg\",\"datePublished\":\"2026-09-01T08:01:20+00:00\",\"dateModified\":\"2026-09-01T08:02:06+00:00\",\"description\":\"iDigBio abre la inscripci\u00f3n para un curso online gratuito de planificaci\u00f3n estrat\u00e9gica para colecciones biol\u00f3gicas\",\"inLanguage\":\"en-US\",\"potentialAction\":[{\"@type\":\"ReadAction\",\"target\":[\"https:\/\/gbif.es\/idigbio-abre-la-inscripcion-a-un-curso-online-gratuito-de-planificacion-estrategica-para-colecciones-biologicas\/\"]}]},{\"@type\":\"ImageObject\",\"inLanguage\":\"en-US\",\"@id\":\"https:\/\/gbif.es\/idigbio-abre-la-inscripcion-a-un-curso-online-gratuito-de-planificacion-estrategica-para-colecciones-biologicas\/#primaryimage\",\"url\":\"https:\/\/gbif.es\/wp-content\/uploads\/2026\/09\/https___idigbio.gbif_.us_assets_images_events_SPBC_SocialMedia.jpeg\",\"contentUrl\":\"https:\/\/gbif.es\/wp-content\/uploads\/2026\/09\/https___idigbio.gbif_.us_assets_images_events_SPBC_SocialMedia.jpeg\",\"width\":1200,\"height\":628,\"caption\":\"Curso online gratuito de planificaci\u00f3n estrat\u00e9gica para colecciones biol\u00f3gicas\"},{\"@type\":\"WebSite\",\"@id\":\"https:\/\/gbif.es\/#website\",\"url\":\"https:\/\/gbif.es\/\",\"name\":\"GBIF.ES - Nodo Nacional de Informaci\u00f3n en Biodiversidad\",\"description\":\"National Biodiversity Information Node\",\"publisher\":{\"@id\":\"https:\/\/gbif.es\/#organization\"},\"alternateName\":\"GBIF.ES\",\"potentialAction\":[{\"@type\":\"SearchAction\",\"target\":{\"@type\":\"EntryPoint\",\"urlTemplate\":\"https:\/\/gbif.es\/?s={search_term_string}\"},\"query-input\":{\"@type\":\"PropertyValueSpecification\",\"valueRequired\":true,\"valueName\":\"search_term_string\"}}],\"inLanguage\":\"en-US\"},{\"@type\":\"Organization\",\"@id\":\"https:\/\/gbif.es\/#organization\",\"name\":\"GBIF.ES - Nodo Nacional de Informaci\u00f3n en Biodiversidad\",\"url\":\"https:\/\/gbif.es\/\",\"logo\":{\"@type\":\"ImageObject\",\"inLanguage\":\"en-US\",\"@id\":\"https:\/\/gbif.es\/#\/schema\/logo\/image\/\",\"url\":\"https:\/\/gbif.es\/wp-content\/uploads\/2024\/07\/logo-GBIF-RGB-01.png\",\"contentUrl\":\"https:\/\/gbif.es\/wp-content\/uploads\/2024\/07\/logo-GBIF-RGB-01.png\",\"width\":1064,\"height\":554,\"caption\":\"GBIF.ES - Nodo Nacional de Informaci\u00f3n en Biodiversidad\"},\"image\":{\"@id\":\"https:\/\/gbif.es\/#\/schema\/logo\/image\/\"},\"sameAs\":[\"https:\/\/x.com\/GbifEs\",\"https:\/\/www.linkedin.com\/company\/gbif-spain\/\",\"https:\/\/www.instagram.com\/gbifes\/\",\"https:\/\/www.threads.net\/@gbifes\"]},{\"@type\":\"Person\",\"@id\":\"https:\/\/gbif.es\/#\/schema\/person\/fba5ad23be778936175655bbf31c6f1a\",\"name\":\"Comunicaci\u00f3n\",\"image\":{\"@type\":\"ImageObject\",\"inLanguage\":\"en-US\",\"@id\":\"https:\/\/gbif.es\/#\/schema\/person\/image\/\",\"url\":\"https:\/\/secure.gravatar.com\/avatar\/b203944cef3c7524af7a9d7116071c49c7e600a5fceb761547184e4a3c7baeaa?s=96&d=mm&r=g\",\"contentUrl\":\"https:\/\/secure.gravatar.com\/avatar\/b203944cef3c7524af7a9d7116071c49c7e600a5fceb761547184e4a3c7baeaa?s=96&d=mm&r=g\",\"caption\":\"Comunicaci\u00f3n\"},\"url\":\"https:\/\/gbif.es\/en\/author\/comunicacion\/\"}]}<\/script>\n<!-- \/ Yoast SEO plugin. -->","yoast_head_json":{"title":"Curso de planificaci\u00f3n estrat\u00e9gica para colecciones biol\u00f3gicas","description":"iDigBio abre la inscripci\u00f3n para un curso online gratuito de planificaci\u00f3n estrat\u00e9gica para colecciones biol\u00f3gicas","robots":{"index":"index","follow":"follow","max-snippet":"max-snippet:-1","max-image-preview":"max-image-preview:large","max-video-preview":"max-video-preview:-1"},"canonical":"https:\/\/gbif.es\/idigbio-abre-la-inscripcion-a-un-curso-online-gratuito-de-planificacion-estrategica-para-colecciones-biologicas\/","og_locale":"en_US","og_type":"article","og_title":"Curso de planificaci\u00f3n estrat\u00e9gica para colecciones biol\u00f3gicas","og_description":"iDigBio abre la inscripci\u00f3n para un curso online gratuito de planificaci\u00f3n estrat\u00e9gica para colecciones biol\u00f3gicas","og_url":"https:\/\/gbif.es\/idigbio-abre-la-inscripcion-a-un-curso-online-gratuito-de-planificacion-estrategica-para-colecciones-biologicas\/","og_site_name":"GBIF.ES","article_published_time":"2026-09-01T08:01:20+00:00","article_modified_time":"2026-09-01T08:02:06+00:00","og_image":[{"width":1200,"height":628,"url":"https:\/\/gbif.es\/wp-content\/uploads\/2026\/09\/https___idigbio.gbif_.us_assets_images_events_SPBC_SocialMedia.jpeg","type":"image\/jpeg"}],"author":"Comunicaci\u00f3n","twitter_card":"summary_large_image","twitter_creator":"@GbifEs","twitter_site":"@GbifEs","twitter_misc":{"Written by":"Comunicaci\u00f3n","Est. reading time":"4 minutes"},"schema":{"@context":"https:\/\/schema.org","@graph":[{"@type":"Article","@id":"https:\/\/gbif.es\/idigbio-abre-la-inscripcion-a-un-curso-online-gratuito-de-planificacion-estrategica-para-colecciones-biologicas\/#article","isPartOf":{"@id":"https:\/\/gbif.es\/idigbio-abre-la-inscripcion-a-un-curso-online-gratuito-de-planificacion-estrategica-para-colecciones-biologicas\/"},"author":{"name":"Comunicaci\u00f3n","@id":"https:\/\/gbif.es\/#\/schema\/person\/fba5ad23be778936175655bbf31c6f1a"},"headline":"iDigBio abre la inscripci\u00f3n a un curso online gratuito de planificaci\u00f3n estrat\u00e9gica para colecciones biol\u00f3gicas","datePublished":"2026-09-01T08:01:20+00:00","dateModified":"2026-09-01T08:02:06+00:00","mainEntityOfPage":{"@id":"https:\/\/gbif.es\/idigbio-abre-la-inscripcion-a-un-curso-online-gratuito-de-planificacion-estrategica-para-colecciones-biologicas\/"},"wordCount":658,"publisher":{"@id":"https:\/\/gbif.es\/#organization"},"image":{"@id":"https:\/\/gbif.es\/idigbio-abre-la-inscripcion-a-un-curso-online-gratuito-de-planificacion-estrategica-para-colecciones-biologicas\/#primaryimage"},"thumbnailUrl":"https:\/\/gbif.es\/wp-content\/uploads\/2026\/09\/https___idigbio.gbif_.us_assets_images_events_SPBC_SocialMedia.jpeg","keywords":["biodiversidad","colecciones","formaci\u00f3n"],"articleSection":["Destacadas home","Evento","Noticias y eventos"],"inLanguage":"en-US"},{"@type":"WebPage","@id":"https:\/\/gbif.es\/idigbio-abre-la-inscripcion-a-un-curso-online-gratuito-de-planificacion-estrategica-para-colecciones-biologicas\/","url":"https:\/\/gbif.es\/idigbio-abre-la-inscripcion-a-un-curso-online-gratuito-de-planificacion-estrategica-para-colecciones-biologicas\/","name":"Curso de planificaci\u00f3n estrat\u00e9gica para colecciones biol\u00f3gicas","isPartOf":{"@id":"https:\/\/gbif.es\/#website"},"primaryImageOfPage":{"@id":"https:\/\/gbif.es\/idigbio-abre-la-inscripcion-a-un-curso-online-gratuito-de-planificacion-estrategica-para-colecciones-biologicas\/#primaryimage"},"image":{"@id":"https:\/\/gbif.es\/idigbio-abre-la-inscripcion-a-un-curso-online-gratuito-de-planificacion-estrategica-para-colecciones-biologicas\/#primaryimage"},"thumbnailUrl":"https:\/\/gbif.es\/wp-content\/uploads\/2026\/09\/https___idigbio.gbif_.us_assets_images_events_SPBC_SocialMedia.jpeg","datePublished":"2026-09-01T08:01:20+00:00","dateModified":"2026-09-01T08:02:06+00:00","description":"iDigBio abre la inscripci\u00f3n para un curso online gratuito de planificaci\u00f3n estrat\u00e9gica para colecciones biol\u00f3gicas","inLanguage":"en-US","potentialAction":[{"@type":"ReadAction","target":["https:\/\/gbif.es\/idigbio-abre-la-inscripcion-a-un-curso-online-gratuito-de-planificacion-estrategica-para-colecciones-biologicas\/"]}]},{"@type":"ImageObject","inLanguage":"en-US","@id":"https:\/\/gbif.es\/idigbio-abre-la-inscripcion-a-un-curso-online-gratuito-de-planificacion-estrategica-para-colecciones-biologicas\/#primaryimage","url":"https:\/\/gbif.es\/wp-content\/uploads\/2026\/09\/https___idigbio.gbif_.us_assets_images_events_SPBC_SocialMedia.jpeg","contentUrl":"https:\/\/gbif.es\/wp-content\/uploads\/2026\/09\/https___idigbio.gbif_.us_assets_images_events_SPBC_SocialMedia.jpeg","width":1200,"height":628,"caption":"Curso online gratuito de planificaci\u00f3n estrat\u00e9gica para colecciones biol\u00f3gicas"},{"@type":"WebSite","@id":"https:\/\/gbif.es\/#website","url":"https:\/\/gbif.es\/","name":"GBIF.ES - Nodo Nacional de Informaci\u00f3n en Biodiversidad","description":"National Biodiversity Information Node","publisher":{"@id":"https:\/\/gbif.es\/#organization"},"alternateName":"GBIF.ES","potentialAction":[{"@type":"SearchAction","target":{"@type":"EntryPoint","urlTemplate":"https:\/\/gbif.es\/?s={search_term_string}"},"query-input":{"@type":"PropertyValueSpecification","valueRequired":true,"valueName":"search_term_string"}}],"inLanguage":"en-US"},{"@type":"Organization","@id":"https:\/\/gbif.es\/#organization","name":"GBIF.ES - Nodo Nacional de Informaci\u00f3n en Biodiversidad","url":"https:\/\/gbif.es\/","logo":{"@type":"ImageObject","inLanguage":"en-US","@id":"https:\/\/gbif.es\/#\/schema\/logo\/image\/","url":"https:\/\/gbif.es\/wp-content\/uploads\/2024\/07\/logo-GBIF-RGB-01.png","contentUrl":"https:\/\/gbif.es\/wp-content\/uploads\/2024\/07\/logo-GBIF-RGB-01.png","width":1064,"height":554,"caption":"GBIF.ES - Nodo Nacional de Informaci\u00f3n en Biodiversidad"},"image":{"@id":"https:\/\/gbif.es\/#\/schema\/logo\/image\/"},"sameAs":["https:\/\/x.com\/GbifEs","https:\/\/www.linkedin.com\/company\/gbif-spain\/","https:\/\/www.instagram.com\/gbifes\/","https:\/\/www.threads.net\/@gbifes"]},{"@type":"Person","@id":"https:\/\/gbif.es\/#\/schema\/person\/fba5ad23be778936175655bbf31c6f1a","name":"Comunicaci\u00f3n","image":{"@type":"ImageObject","inLanguage":"en-US","@id":"https:\/\/gbif.es\/#\/schema\/person\/image\/","url":"https:\/\/secure.gravatar.com\/avatar\/b203944cef3c7524af7a9d7116071c49c7e600a5fceb761547184e4a3c7baeaa?s=96&d=mm&r=g","contentUrl":"https:\/\/secure.gravatar.com\/avatar\/b203944cef3c7524af7a9d7116071c49c7e600a5fceb761547184e4a3c7baeaa?s=96&d=mm&r=g","caption":"Comunicaci\u00f3n"},"url":"https:\/\/gbif.es\/en\/author\/comunicacion\/"}]}},"_links":{"self":[{"href":"https:\/\/gbif.es\/en\/wp-json\/wp\/v2\/posts\/32569","targetHints":{"allow":["GET"]}}],"collection":[{"href":"https:\/\/gbif.es\/en\/wp-json\/wp\/v2\/posts"}],"about":[{"href":"https:\/\/gbif.es\/en\/wp-json\/wp\/v2\/types\/post"}],"author":[{"embeddable":true,"href":"https:\/\/gbif.es\/en\/wp-json\/wp\/v2\/users\/14"}],"replies":[{"embeddable":true,"href":"https:\/\/gbif.es\/en\/wp-json\/wp\/v2\/comments?post=32569"}],"version-history":[{"count":3,"href":"https:\/\/gbif.es\/en\/wp-json\/wp\/v2\/posts\/32569\/revisions"}],"predecessor-version":[{"id":32574,"href":"https:\/\/gbif.es\/en\/wp-json\/wp\/v2\/posts\/32569\/revisions\/32574"}],"wp:featuredmedia":[{"embeddable":true,"href":"https:\/\/gbif.es\/en\/wp-json\/wp\/v2\/media\/32570"}],"wp:attachment":[{"href":"https:\/\/gbif.es\/en\/wp-json\/wp\/v2\/media?parent=32569"}],"wp:term":[{"taxonomy":"category","embeddable":true,"href":"https:\/\/gbif.es\/en\/wp-json\/wp\/v2\/categories?post=32569"},{"taxonomy":"post_tag","embeddable":true,"href":"https:\/\/gbif.es\/en\/wp-json\/wp\/v2\/tags?post=32569"}],"curies":[{"name":"wp","href":"https:\/\/api.w.org\/{rel}","templated":true}]}}